{"id":3703,"date":"2024-05-31T09:32:12","date_gmt":"2024-05-31T07:32:12","guid":{"rendered":"https:\/\/tcbw-delmenhorst.de\/?p=3703"},"modified":"2024-06-01T09:36:02","modified_gmt":"2024-06-01T07:36:02","slug":"3703","status":"publish","type":"post","link":"https:\/\/tcbw-delmenhorst.de\/index.php\/2024\/05\/31\/3703\/","title":{"rendered":""},"content":{"rendered":"<div class=\"article-header\">\n<div class=\"article-header__headline-wrapper\">\n<h1 class=\"article-header__headline font-serif-bold text-deep-black\">Mannschaften aus Delmenhorst und Wildeshausen starten in erster Runde<\/h1>\n<p><span class=\"article-header__subline\">Der TC Blau-Wei\u00df Delmenhorst stellt in drei Leistungsklassen ein Team, das in der ersten Pokalrunde antritt. <\/span><\/p>\n<p><span class=\"article-header__subline\">Auch zwei Mannschaften des TC Altona Wildeshausen sind dabei.<\/span><\/p>\n<\/div>\n<div class=\"article-header__more-info\">\n<div class=\"article-header__more-info__read-time\">\n<div class=\"article-header__more-info__read-time__icon\"><\/div>\n<\/div>\n<\/div>\n<div class=\"article-header__author-info\">\n<div class=\"article-header__author-info__name-and-role\">Delmenhorster Kurier: Von <span class=\"article-header__author-info__name\">Heino Horstmann<\/span><\/div>\n<\/div>\n<\/div>\n<div class=\"article-main-content\">\n<div class=\"article-main-image\">\n<div class=\"inline-gallery-wrapper inline-gallery-wrapper--main-gallery\">\n<div class=\"inline-gallery__zoom\"><\/div>\n<div class=\"inline-gallery\">\n<div class=\"inline-gallery__item active-slide\">\n<div class=\"inline-gallery__image-wrapper\"><img decoding=\"async\" class=\"inline-gallery__image withsrc\" src=\"https:\/\/img.weser-kurier.de\/image\/0279-16199d87bfc6-9d61a939136d-1000\/414,16-9,low,50,50\/Landscapetennis.webp\" sizes=\"(max-width: 960px) and (-webkit-min-device-pixel-ratio: 2) 480px, 900px\" srcset=\"https:\/\/img.weser-kurier.de\/image\/0279-16199d87bfc6-9d61a939136d-1000\/1600,16-9,low,50,50\/Landscapetennis.webp 1600w, https:\/\/img.weser-kurier.de\/image\/0279-16199d87bfc6-9d61a939136d-1000\/1200,16-9,low,50,50\/Landscapetennis.webp 1200w, https:\/\/img.weser-kurier.de\/image\/0279-16199d87bfc6-9d61a939136d-1000\/960,16-9,med,50,50\/Landscapetennis.webp 960w, https:\/\/img.weser-kurier.de\/image\/0279-16199d87bfc6-9d61a939136d-1000\/600,16-9,med,50,50\/Landscapetennis.webp 600w, https:\/\/img.weser-kurier.de\/image\/0279-16199d87bfc6-9d61a939136d-1000\/414,16-9,med,50,50\/Landscapetennis.webp 414w\" alt=\"Niklas Johannson und der TC Blau-Wei\u00df Delmenhorst greifen unter der Woche im Pokalwettbewerb ein.\" data-w=\"1200 1 Landscape\" \/><\/div>\n<div class=\"inline-gallery__caption\">Niklas Johannson und der TC Blau-Wei\u00df Delmenhorst greifen unter der Woche im Pokalwettbewerb ein.<\/div>\n<div class=\"inline-gallery__caption\"><span class=\"credits\">Foto: INGO M\u00f6LLERS<\/span><\/div>\n<\/div>\n<\/div>\n<\/div>\n<\/div>\n<div class=\"article-content deebug-77 font-serif-regular article-content--blur\">\n<div class=\"socialmedia\">\n<p>&nbsp;<\/p>\n<\/div>\n<p>Der Start f\u00fcr die Tennis-Pokalwettbewerbe der Vereine ist f\u00fcr Dienstag, 4. Juni, terminiert. Der TC Fahrenhorst ist bei den Herren (LK 20-25) Gastgeber des TC Blau-Wei\u00df Delmenhorst. F\u00fcr die Damen (LK 20-25) des TC Altona Wildeshausen geht es am Dienstag auf eigener Anlage gegen den TC Altenoythe los. Am Mittwoch, 5. Juni, haben die Herren (LK 7-25) des TC Blau-Wei\u00df Delmenhorst Heimrecht gegen den TC Blau-Wei\u00df Varrel und am Donnerstag, 6. Juni, begr\u00fc\u00dfen die Herren (LK 15-25) des TC Blau-Wei\u00df Delmenhorst den TC Altona Wildeshausen.<\/p>\n<p>Dieser Wettbewerb umfasst zwei Einzel sowie ein Doppel, die zeitgleich ausgetragen werden. Alle Spiele beginnen um 18 Uhr. Bei den Altersklassen sind nur die in der ersten Runde spielfreien Herren 50 des TC Altona Wildeshausen am Start. Die Mixedrunde findet ohne hiesige Beteiligung statt. Bereits eine Woche sp\u00e4ter wird der Pokalwettbewerb mit der zweiten Runde fortgesetzt.<\/p>\n<\/div>\n<\/div>\n","protected":false},"excerpt":{"rendered":"<p>Mannschaften aus Delmenhorst und Wildeshausen starten in erster Runde Der TC Blau-Wei\u00df Delmenhorst stellt in drei Leistungsklassen ein Team, das in der ersten Pokalrunde antritt. Auch zwei Mannschaften des TC<\/p>\n","protected":false},"author":2,"featured_media":3704,"comment_status":"closed","ping_status":"closed","sticky":false,"template":"","format":"standard","meta":{"_acf_changed":false,"footnotes":""},"categories":[1],"tags":[],"class_list":["post-3703","post","type-post","status-publish","format-standard","has-post-thumbnail","hentry","category-allgemein"],"acf":[],"_links":{"self":[{"href":"https:\/\/tcbw-delmenhorst.de\/index.php\/wp-json\/wp\/v2\/posts\/3703","targetHints":{"allow":["GET"]}}],"collection":[{"href":"https:\/\/tcbw-delmenhorst.de\/index.php\/wp-json\/wp\/v2\/posts"}],"about":[{"href":"https:\/\/tcbw-delmenhorst.de\/index.php\/wp-json\/wp\/v2\/types\/post"}],"author":[{"embeddable":true,"href":"https:\/\/tcbw-delmenhorst.de\/index.php\/wp-json\/wp\/v2\/users\/2"}],"replies":[{"embeddable":true,"href":"https:\/\/tcbw-delmenhorst.de\/index.php\/wp-json\/wp\/v2\/comments?post=3703"}],"version-history":[{"count":3,"href":"https:\/\/tcbw-delmenhorst.de\/index.php\/wp-json\/wp\/v2\/posts\/3703\/revisions"}],"predecessor-version":[{"id":3707,"href":"https:\/\/tcbw-delmenhorst.de\/index.php\/wp-json\/wp\/v2\/posts\/3703\/revisions\/3707"}],"wp:featuredmedia":[{"embeddable":true,"href":"https:\/\/tcbw-delmenhorst.de\/index.php\/wp-json\/wp\/v2\/media\/3704"}],"wp:attachment":[{"href":"https:\/\/tcbw-delmenhorst.de\/index.php\/wp-json\/wp\/v2\/media?parent=3703"}],"wp:term":[{"taxonomy":"category","embeddable":true,"href":"https:\/\/tcbw-delmenhorst.de\/index.php\/wp-json\/wp\/v2\/categories?post=3703"},{"taxonomy":"post_tag","embeddable":true,"href":"https:\/\/tcbw-delmenhorst.de\/index.php\/wp-json\/wp\/v2\/tags?post=3703"}],"curies":[{"name":"wp","href":"https:\/\/api.w.org\/{rel}","templated":true}]}}